{"id":237414,"date":"2021-05-24T21:57:41","date_gmt":"2021-05-24T21:57:41","guid":{"rendered":"https:\/\/horgaszhely.hu\/hun\/?p=237414"},"modified":"2026-08-29T12:44:24","modified_gmt":"2026-08-29T10:44:24","slug":"ajandek-otletek-gyerekeknek","status":"publish","type":"post","link":"https:\/\/horgaszhely.hu\/hun\/ajandek-otletek-gyerekeknek\/","title":{"rendered":"Aj\u00e1nd\u00e9k \u00f6tletek gyerekeknek &#8211; Gyereknapra, kar\u00e1csonyra, sz\u00fclinapra"},"content":{"rendered":"\n<div class=\"wp-block-columns alignwide is-layout-flex wp-container-core-columns-is-layout-8f761849 wp-block-columns-is-layout-flex\">\n<div class=\"wp-block-column is-layout-flow wp-block-column-is-layout-flow\">\n<p class=\"wp-block-paragraph\"><\/p>\n\n\n\n<p class=\"has-text-align-left wp-block-paragraph\">Nem egyszer\u0171 aj\u00e1nd\u00e9kot keresni a gyerekeknek, csecsem\u0151knek vagy tin\u00e9dzsereknek, de ne ess k\u00e9ts\u00e9gbe! A gyerekeknek megfelel\u0151 j\u00e1t\u00e9k, k\u00f6nyv, vagy ak\u00e1rmi m\u00e1s megtal\u00e1l\u00e1sa n\u00e9ha igazi k\u00fczdelem, hossz\u00fa \u00f3r\u00e1kba is telhet \u00f6sszevad\u00e1szni a legjobb t\u00e9m\u00e1ba v\u00e1g\u00f3 weboldalakat, shopokat. Mi ezt megtett\u00fck helyetted, \u00f6sszegy\u0171jt\u00f6tt\u00fcnk egy list\u00e1ba, kateg\u00f3ri\u00e1kra bontva sz\u00e1mtalan aj\u00e1nd\u00e9k\u00f6tletet. A cikkben egyar\u00e1nt vannak aj\u00e1nd\u00e9k \u00f6tletek kisfi\u00faknak \u00e9s kisl\u00e1nyoknak is. Ez a lista minden gyermek \u00e9rdekl\u0151d\u00e9s\u00e9t lefedi, \u00fagyhogy m\u00e1r csak egy kis keresg\u00e9l\u00e9s v\u00e1r R\u00e1d&nbsp;\ud83d\ude42<\/p>\n\n\n\n<p class=\"has-text-align-center wp-block-paragraph\"><strong>A lista folyamtosan b\u0151v\u00fcl, \u00e9rdemes elmenteni \u00e9s visszat\u00e9rni ha aktu\u00e1lis&nbsp;<\/strong>\ud83d\ude42 <\/p>\n<\/div>\n<\/div>\n\n\n\n<div class=\"wp-block-columns alignwide is-layout-flex wp-container-core-columns-is-layout-8f761849 wp-block-columns-is-layout-flex\">\n<div class=\"wp-block-column is-layout-flow wp-block-column-is-layout-flow\">\n<h2 class=\"wp-block-heading\">Gyerekj\u00e1t\u00e9kok minden mennyis\u00e9gben<\/h2>\n\n\n\n<figure class=\"wp-block-image size-full\"><img loading=\"lazy\" decoding=\"async\" width=\"543\" height=\"302\" src=\"https:\/\/horgaszhely.hu\/hun\/wp-content\/uploads\/2021\/05\/gyerek-jatekok.jpg\" alt=\"gyerek j\u00e1t\u00e9kok\" class=\"wp-image-342638\" srcset=\"https:\/\/horgaszhely.hu\/hun\/wp-content\/uploads\/2021\/05\/gyerek-jatekok.jpg 543w, https:\/\/horgaszhely.hu\/hun\/wp-content\/uploads\/2021\/05\/gyerek-jatekok-64x36.jpg 64w, https:\/\/horgaszhely.hu\/hun\/wp-content\/uploads\/2021\/05\/gyerek-jatekok-300x167.jpg 300w\" sizes=\"auto, (max-width: 543px) 100vw, 543px\" \/><\/figure>\n\n\n\n<p class=\"wp-block-paragraph\">A gyerekeknek val\u00f3 aj\u00e1nd\u00e9k v\u00e1s\u00e1rl\u00e1s neh\u00e9z lehet, k\u00fcl\u00f6n\u00f6sen, ha m\u00e9g fogalmad sincs arr\u00f3l, hogy mi az adott koroszt\u00e1ly manaps\u00e1g n\u00e9pszer\u0171 j\u00e1t\u00e9kai (nem besz\u00e9lve arr\u00f3l, hogy biztons\u00e1gos-e sz\u00e1mukra az adott j\u00e1t\u00e9k). A fiatalabb gyerekeknek olyan j\u00e1t\u00e9kokra van sz\u00fcks\u00e9g\u00fck, amelyek az alapok elsaj\u00e1t\u00edt\u00e1s\u00e1ra \u00e9s a motorikus k\u00e9pess\u00e9gek er\u0151s\u00edt\u00e9s\u00e9re \u00e9p\u00fclnek, m\u00edg az id\u0151sebb gyermekeknek nagyobb kih\u00edv\u00e1sokra \u00e9s \u00f6szt\u00f6nz\u0151 j\u00e1t\u00e9kokra van sz\u00fcks\u00e9g\u00fck. Ak\u00e1rhogy is, mindenki lehet\u0151leg olyan j\u00e1t\u00e9kokat szeretne v\u00e1s\u00e1rolni, amelyek \u00f6szt\u00f6nzik a kreat\u00edv, fant\u00e1ziad\u00fas j\u00e1t\u00e9kot, \u00e9s amelyeket nagy \u00f6r\u00f6mmel fogadnak \u00fcnnepek, sz\u00fclet\u00e9snapok vagy m\u00e1s k\u00fcl\u00f6nleges alkalmakkor.<\/p>\n\n\n\n<p class=\"wp-block-paragraph\">Gyerekj\u00e1t\u00e9kok minden mennyis\u00e9gben, kicsiknek-nagyoknak, v\u00e1logass kedvedre az al\u00e1bbi \u00e1ruh\u00e1zakban<\/p>\n\n\n\n<p class=\"wp-block-paragraph\"><em>Ahol a term\u00e9keket tal\u00e1lod:<\/em><\/p>\n\n\n\n<p class=\"wp-block-paragraph\"><a href=\"https:\/\/go.dognet.com\/?chid=nwpokJEG&amp;url=https%3A%2F%2Fwww.regiojatek.hu%2F\" target=\"_blank\" data-type=\"link\" data-id=\"https:\/\/go.dognet.com\/?chid=nwpokJEG&amp;url=https%3A%2F%2Fwww.regiojatek.hu%2F\" rel=\"noreferrer noopener\">Regiojatek.hu<\/a><\/p>\n\n\n\n<p class=\"wp-block-paragraph\"><a href=\"https:\/\/www.4home.hu\/jatekok\/?utm_source=aff&amp;utm_medium=dgt&amp;a_aid=5d076b770d5ec&amp;a_bid=2a8e821f\" target=\"_blank\" rel=\"noreferrer noopener\">4home.hu<\/a><\/p>\n\n\n\n<p class=\"wp-block-paragraph\"><a href=\"https:\/\/alinda.hu\/gyerek-jatek?utm_source=dognet&amp;a_aid=5d076b770d5ec&amp;a_bid=6e0bef41\" target=\"_blank\" rel=\"noreferrer noopener\">Alinda.hu<\/a><\/p>\n\n\n\n<h2 class=\"wp-block-heading\">Vicces \u00e9s kreat\u00edv aj\u00e1nd\u00e9k gyerekeknek<\/h2>\n\n\n\n<figure class=\"wp-block-image size-full\"><img loading=\"lazy\" decoding=\"async\" width=\"605\" height=\"340\" src=\"https:\/\/horgaszhely.hu\/hun\/wp-content\/uploads\/2021\/05\/gyerek-kreativ-ajandek.jpg\" alt=\"gyerek kreat\u00edv aj\u00e1nd\u00e9k\" class=\"wp-image-342639\" srcset=\"https:\/\/horgaszhely.hu\/hun\/wp-content\/uploads\/2021\/05\/gyerek-kreativ-ajandek.jpg 605w, https:\/\/horgaszhely.hu\/hun\/wp-content\/uploads\/2021\/05\/gyerek-kreativ-ajandek-600x337.jpg 600w, https:\/\/horgaszhely.hu\/hun\/wp-content\/uploads\/2021\/05\/gyerek-kreativ-ajandek-64x36.jpg 64w, https:\/\/horgaszhely.hu\/hun\/wp-content\/uploads\/2021\/05\/gyerek-kreativ-ajandek-300x169.jpg 300w\" sizes=\"auto, (max-width: 605px) 100vw, 605px\" \/><\/figure>\n\n\n\n<p class=\"wp-block-paragraph\">A kicsiknek nagy \u00f6r\u00f6met okozhat egy kreat\u00edv \u00e9s egyben vicces aj\u00e1nd\u00e9k ami r\u00e1ad\u00e1sul m\u00e9g hasznos is. J\u00f3l hangzik ugye? Ilyeneket tal\u00e1lhatsz az al\u00e1bbi weboldalakon. A j\u00f3 aj\u00e1nd\u00e9k fi\u00faknak \u00e9s l\u00e1nyoknak eg\u00e9szen m\u00e1s lehet, alaposan \u00e1t kell gondolni a v\u00e1laszt\u00e1st. Hatalmas v\u00e1laszt\u00e9kb\u00f3l v\u00e1logathatsz ak\u00e1r kar\u00e1csonyi aj\u00e1nd\u00e9kot keresel, ak\u00e1r sz\u00fclinapra vagy m\u00e1s alkalomra vad\u00e1szol aj\u00e1nd\u00e9kot. Amiket az al\u00e1bbi linkeken tal\u00e1lsz: kreat\u00edv, vicces \u00e9s hasznos aj\u00e1nd\u00e9kok gyerekeknek. Egy j\u00f3l eltal\u00e1lt v\u00e1laszt\u00e1ssal eg\u00e9sz biztos lehetsz benne, hogy bearanyozod az \u00fcnnepelt napj\u00e1t!<\/p>\n\n\n\n<p class=\"wp-block-paragraph\"><em>Ahol a term\u00e9keket tal\u00e1lod:<\/em><\/p>\n\n\n\n<p class=\"wp-block-paragraph\"><a href=\"https:\/\/go.dognet.com\/?chid=nwpokJEG&amp;url=https%3A%2F%2Fwww.regiojatek.hu%2Fkat-208-kreativ-fejleszto.html\" target=\"_blank\" data-type=\"link\" data-id=\"https:\/\/go.dognet.com\/?chid=nwpokJEG&amp;url=https%3A%2F%2Fwww.regiojatek.hu%2Fkat-208-kreativ-fejleszto.html\" rel=\"noreferrer noopener\">Regiojatek.hu &#8211; Kreat\u00edv, fejleszt\u0151 j\u00e1t\u00e9kok<\/a><\/p>\n\n\n\n<p class=\"wp-block-paragraph\"><a rel=\"noreferrer noopener\" href=\"https:\/\/jatekszallito.hu\/kategoria\/jatekok\/kreativ_keszsegfejleszto_jatekok\/?utm_source=dognet&amp;a_aid=5d076b770d5ec&amp;a_bid=0baeaadb\" data-type=\"link\" data-id=\"https:\/\/jatekszallito.hu\/kategoria\/jatekok\/kreativ_keszsegfejleszto_jatekok\/?utm_source=dognet&amp;a_aid=5d076b770d5ec&amp;a_bid=0baeaadb\" target=\"_blank\">Jatekszallito.hu &#8211; Kreat\u00edv, k\u00e9szs\u00e9gfejleszt\u0151 j\u00e1t\u00e9kok<\/a><\/p>\n\n\n\n<p class=\"wp-block-paragraph\"><a href=\"https:\/\/www.eredetiajandekok.hu\/ajandek-gyerekeknek\/?utm_source=dgt&amp;utm_medium=aff&amp;a_aid=5d076b770d5ec&amp;a_bid=9e7b917d\" target=\"_blank\" rel=\"noreferrer noopener\">Eredetiajandekok.hu<\/a><\/p>\n\n\n\n<h2 class=\"wp-block-heading\">Videoj\u00e1t\u00e9kok, Sz\u00e1m\u00edt\u00f3g\u00e9pek, Elektronikai eszk\u00f6z\u00f6k<\/h2>\n\n\n\n<figure class=\"wp-block-image size-full\"><img loading=\"lazy\" decoding=\"async\" width=\"539\" height=\"359\" src=\"https:\/\/horgaszhely.hu\/hun\/wp-content\/uploads\/2021\/05\/gyerek-videojatek.jpg\" alt=\"gyerek videoj\u00e1t\u00e9k\" class=\"wp-image-342641\" srcset=\"https:\/\/horgaszhely.hu\/hun\/wp-content\/uploads\/2021\/05\/gyerek-videojatek.jpg 539w, https:\/\/horgaszhely.hu\/hun\/wp-content\/uploads\/2021\/05\/gyerek-videojatek-64x43.jpg 64w, https:\/\/horgaszhely.hu\/hun\/wp-content\/uploads\/2021\/05\/gyerek-videojatek-300x200.jpg 300w\" sizes=\"auto, (max-width: 539px) 100vw, 539px\" \/><\/figure>\n\n\n\n<p class=\"wp-block-paragraph\">V\u00e1s\u00e1rolni egy igaz gamer sz\u00e1m\u00e1ra? Nem egyszer\u0171, de ha ismerj\u00fck a gyermek \u00edzl\u00e9s\u00e9t, nem is lehetetlen feladat. Az al\u00e1bbi web\u00e1ruh\u00e1zakban \u00f3ri\u00e1si k\u00edn\u00e1latot tal\u00e1lsz rengeteg kateg\u00f3ri\u00e1ban. Kezdve a leg\u00fajabb konzolokt\u00f3l \u00e9s videoj\u00e1t\u00e9kokt\u00f3l a sz\u00e1m\u00edt\u00f3g\u00e9pes eszk\u00f6z\u00f6k\u00f6n \u00e1t a mobiltelefonokig, dr\u00f3nokig \u00e9s tabletekig.<\/p>\n\n\n\n<p class=\"wp-block-paragraph\">Ak\u00e1r gyerekr\u0151l, ak\u00e1r tin\u00e9dzserr\u0151l van sz\u00f3, mindegyik\u00fck \u00f6r\u00fclni fog egy j\u00f3l megv\u00e1lasztott j\u00e1t\u00e9knak vagy eszk\u00f6znek. Boldog v\u00e1s\u00e1rl\u00e1st \u00e9s j\u00e1t\u00e9kot!<\/p>\n\n\n\n<p class=\"wp-block-paragraph\"><em>Ahol a term\u00e9keket tal\u00e1lod:<\/em><\/p>\n\n\n\n<p class=\"wp-block-paragraph\"><a href=\"https:\/\/www.supergamer.hu?utm_source=5d076b770d5ec&amp;utm_medium=dognet&amp;a_aid=5d076b770d5ec&amp;a_bid=64a3cdc9\" target=\"_blank\" rel=\"noreferrer noopener\">Supergamer.hu<\/a><\/p>\n\n\n\n<p class=\"wp-block-paragraph\"><a href=\"https:\/\/go.dognet.com\/?chid=nwpokJEG&amp;url=https%3A%2F%2Fwww.regiojatek.hu%2Fkat-215-elektronikus-jatek.html\" target=\"_blank\" data-type=\"link\" data-id=\"https:\/\/go.dognet.com\/?chid=nwpokJEG&amp;url=https%3A%2F%2Fwww.regiojatek.hu%2Fkat-215-elektronikus-jatek.html\" rel=\"noreferrer noopener\">Regiojatek.hu &#8211; Elektronikus j\u00e1t\u00e9kok<\/a><\/p>\n\n\n\n<p class=\"wp-block-paragraph\"><a href=\"https:\/\/www.hasznos-holmik.hu\/szamitogep-120?utm_source=dognet&amp;a_aid=5d076b770d5ec&amp;a_bid=de43bf51\" target=\"_blank\" rel=\"noreferrer noopener\">Hasznos-holmik.hu<\/a><\/p>\n\n\n\n<h2 class=\"wp-block-heading\">Gyerek napszem\u00fcveg<\/h2>\n\n\n\n<figure class=\"wp-block-image size-full\"><img loading=\"lazy\" decoding=\"async\" width=\"547\" height=\"365\" src=\"https:\/\/horgaszhely.hu\/hun\/wp-content\/uploads\/2021\/05\/vicces-ajandek-gyerekeknek.jpg\" alt=\"gyerek napszem\u00fcveg\" class=\"wp-image-342644\" srcset=\"https:\/\/horgaszhely.hu\/hun\/wp-content\/uploads\/2021\/05\/vicces-ajandek-gyerekeknek.jpg 547w, https:\/\/horgaszhely.hu\/hun\/wp-content\/uploads\/2021\/05\/vicces-ajandek-gyerekeknek-64x43.jpg 64w, https:\/\/horgaszhely.hu\/hun\/wp-content\/uploads\/2021\/05\/vicces-ajandek-gyerekeknek-300x200.jpg 300w\" sizes=\"auto, (max-width: 547px) 100vw, 547px\" \/><\/figure>\n\n\n\n<p class=\"wp-block-paragraph\">Sajnos nem mindig jut esz\u00fcnkbe, hogy napszem\u00fcveget rakjunk a gyerekre ha kinti programot szervez\u00fcnk. Pedig a b\u0151r\u00fck \u00e9s a szem\u00fck sokkal \u00e9rz\u00e9kenyebb, mint a feln\u0151ttek\u00e9, \u00e9s nagyon fontos lenne, hogy megv\u00e9dj\u00fck \u0151ket a nap k\u00e1ros sugarait\u00f3l. Egy j\u00f3 napszem\u00fcveg beszerz\u00e9se a gyermek\u00fcnknek sokkal fontosabb, mint azt az ember els\u0151re gondoln\u00e1.<\/p>\n\n\n\n<p class=\"wp-block-paragraph\">De mint oly sok mindenn\u00e9l, itt sem olyan egyszer\u0171 a megfelel\u0151 d\u00f6nt\u00e9st meghozni mivel sz\u00e1mos k\u00e9rd\u00e9s felmer\u00fclhet benn\u00fcnk\u2026 Melyek mentesek a k\u00e1ros vegyi anyagokt\u00f3l? Mindegyik ny\u00fajt UV-v\u00e9delmet? K\u00e9sz\u00edtenek napszem\u00fcveget csecsem\u0151knek is?<br>Az al\u00e1bbi weboldalakon kiv\u00e1l\u00f3 min\u0151s\u00e9g\u0171 gyerek napszem\u00fcvegeket tal\u00e1lsz.<\/p>\n\n\n\n<p class=\"wp-block-paragraph\"><em>Ahol a term\u00e9keket tal\u00e1lod:<\/em><\/p>\n\n\n\n<p class=\"wp-block-paragraph\"><a href=\"https:\/\/www.mackojatek.hu\/baba-kellekek\/gyerek-napszemuvegek?utm_source=dognet&amp;a_aid=5d076b770d5ec&amp;a_bid=9fc55b8f\" target=\"_blank\" rel=\"noreferrer noopener\">Mackojatek.hu<\/a><\/p>\n\n\n\n<h2 class=\"wp-block-heading\">Gyermek \u00e9s ifj\u00fas\u00e1gi b\u00fatorok<\/h2>\n\n\n\n<figure class=\"wp-block-image size-full\"><img loading=\"lazy\" decoding=\"async\" width=\"600\" height=\"338\" src=\"https:\/\/horgaszhely.hu\/hun\/wp-content\/uploads\/2021\/05\/gyermek-butorok.jpg\" alt=\"gyerek butorok\" class=\"wp-image-342646\" srcset=\"https:\/\/horgaszhely.hu\/hun\/wp-content\/uploads\/2021\/05\/gyermek-butorok.jpg 600w, https:\/\/horgaszhely.hu\/hun\/wp-content\/uploads\/2021\/05\/gyermek-butorok-64x36.jpg 64w, https:\/\/horgaszhely.hu\/hun\/wp-content\/uploads\/2021\/05\/gyermek-butorok-300x169.jpg 300w\" sizes=\"auto, (max-width: 600px) 100vw, 600px\" \/><\/figure>\n\n\n\n<p class=\"wp-block-paragraph\">Az els\u0151 szoba eml\u00e9ke mindenki eml\u00e9keiben megmarad, \u00e9s nem mindegy, hogy milyen hangulatok, \u00e9rz\u00e9sek k\u00f6t\u0151dnek majd hozz\u00e1. Az al\u00e1bbi webshopok term\u00e9keib\u0151l v\u00e1logatva gondoskodhatunk r\u00f3la, hogy annak a bizonyos els\u0151 szob\u00e1nak az eml\u00e9ke mindig kellemes \u00e9rz\u00e9seket keltsen majd gyermek\u00fcnkben.<\/p>\n\n\n\n<p class=\"wp-block-paragraph\">A vid\u00e1m sz\u00ednekben pomp\u00e1z\u00f3 vagy kedves mint\u00e1kkal feldobott gyermekb\u00fatorok amellett, hogy mutat\u00f3sak m\u00e9g praktikusak is. Ellen\u00e1llnak a gyerekszob\u00e1ban v\u00e1rhat\u00f3 komoly ig\u00e9nybev\u00e9telnek, b\u00edrj\u00e1k a strap\u00e1t &#x1f642;<\/p>\n\n\n\n<p class=\"wp-block-paragraph\">Sz\u00e9les term\u00e9k palett\u00e1r\u00f3l v\u00e1logathatsz az al\u00e1bbi webshopokban az \u00e1gyt\u00f3l a t\u00e1rol\u00f3kon \u00e1t eg\u00e9szen az \u00edr\u00f3asztalokig, forg\u00f3sz\u00e9kekig.<\/p>\n\n\n\n<p class=\"wp-block-paragraph\">A benti b\u00fatorok mellett a kerti b\u00fatorokr\u00f3l se feledkezz\u00fcnk meg! Garant\u00e1ltan j\u00f3l fognak sz\u00f3rakozni a friss leveg\u0151n \u00e9s kellemes naps\u00fct\u00e9sben hint\u00e1z\u00e1s, homokoz\u00e1s k\u00f6zben, de meglephetj\u00fck \u0151ket ak\u00e1r egy j\u00e1tsz\u00f3h\u00e1zzal is.<\/p>\n\n\n\n<p class=\"wp-block-paragraph\"><em>Ahol a term\u00e9keket tal\u00e1lod:<\/em><\/p>\n\n\n\n<p class=\"wp-block-paragraph\"><a href=\"https:\/\/anyanak.hu\/18-gyerekszoba?utm_source=dognet&amp;a_aid=5d076b770d5ec&amp;a_bid=46049fb0\" target=\"_blank\" rel=\"noreferrer noopener\">Anyanak.hu<\/a><\/p>\n\n\n\n<p class=\"wp-block-paragraph\"><a href=\"https:\/\/butor-szonyeg.hu\/gyerekszoba_3?utm_source=dognet&amp;a_aid=5d076b770d5ec&amp;a_bid=99c9a783\" target=\"_blank\" rel=\"noreferrer noopener\">Butor-szonyeg.hu<\/a><\/p>\n<\/div>\n\n\n\n<div class=\"wp-block-column is-layout-flow wp-block-column-is-layout-flow\">\n<h2 class=\"wp-block-heading\">Gyerek kar\u00f3r\u00e1k<\/h2>\n\n\n\n<figure class=\"wp-block-image size-full\"><img loading=\"lazy\" decoding=\"async\" width=\"672\" height=\"448\" src=\"https:\/\/horgaszhely.hu\/hun\/wp-content\/uploads\/2021\/05\/gyermek-karorak.jpg\" alt=\"gyermek kar\u00f3r\u00e1k\" class=\"wp-image-342642\" srcset=\"https:\/\/horgaszhely.hu\/hun\/wp-content\/uploads\/2021\/05\/gyermek-karorak.jpg 672w, https:\/\/horgaszhely.hu\/hun\/wp-content\/uploads\/2021\/05\/gyermek-karorak-600x400.jpg 600w, https:\/\/horgaszhely.hu\/hun\/wp-content\/uploads\/2021\/05\/gyermek-karorak-64x43.jpg 64w, https:\/\/horgaszhely.hu\/hun\/wp-content\/uploads\/2021\/05\/gyermek-karorak-300x200.jpg 300w\" sizes=\"auto, (max-width: 672px) 100vw, 672px\" \/><\/figure>\n\n\n\n<p class=\"wp-block-paragraph\">Egy kar\u00f3ra nagyszer\u0171 m\u00f3dja annak, hogy elkezdj\u00fck tan\u00edtani a gyerekeket az id\u0151 beoszt\u00e1s\u00e1ra \u00e9s hogy hogyan tudj\u00e1k megtervezni a napjukat. F\u00fcggetlen\u00fcl att\u00f3l, hogy gyermekeink h\u00e1ny \u00e9vesek, rengeteg jobbn\u00e1l jobb \u00f3ra k\u00f6z\u00fcl v\u00e1logathatunk. N\u00e9melyik \u00f3ra seg\u00edt megtan\u00edtani a gyerekeket az id\u0151 alapjaira, m\u00edg n\u00e9h\u00e1ny k\u00e9sz\u00fcl\u00e9k m\u00e1r k\u00f6r\u00fclbel\u00fcl olyan cs\u00facstechnol\u00f3gi\u00e1t tartalmaz, mint egy okostelefon. Ezek az okos\u00f3r\u00e1k lehet\u0151v\u00e9 teszik az aktivit\u00e1s m\u00e9r\u00e9s\u00e9t, m\u00edg a hagyom\u00e1nyosabb, anal\u00f3g v\u00e1laszt\u00e1si lehet\u0151s\u00e9gek az alapokat tan\u00edtj\u00e1k meg. Ide\u00e1lis esetben a v\u00e1lasztott \u00f3ra f\u00fcgg a gyermek \u00e9letkor\u00e1t\u00f3l \u00e9s \u00edzl\u00e9s\u00e9t\u0151l, valamint att\u00f3l is, hogy az id\u0151 leolvas\u00e1s\u00e1n k\u00edv\u00fcl milyen funkci\u00f3kat szeretne haszn\u00e1lni.<\/p>\n\n\n\n<p class=\"wp-block-paragraph\"><em>Ahol a term\u00e9keket tal\u00e1lod:<\/em><\/p>\n\n\n\n<p class=\"wp-block-paragraph\"><a rel=\"noreferrer noopener\" href=\"https:\/\/www.timestore.hu\/gyermek-karorak?utm_source=aff&amp;utm_medium=dgt&amp;a_aid=5d076b770d5ec&amp;a_bid=afad85f1\" target=\"_blank\">Timestore.hu<\/a><\/p>\n\n\n\n<p class=\"wp-block-paragraph\"><a href=\"https:\/\/jatekszallito.hu\/kategoria\/otthon\/karora_okosora_ekszer\/okosora\/?utm_source=dognet&amp;a_aid=5d076b770d5ec&amp;a_bid=0baeaadb\" data-type=\"link\" data-id=\"https:\/\/jatekszallito.hu\/kategoria\/otthon\/karora_okosora_ekszer\/okosora\/?utm_source=dognet&amp;a_aid=5d076b770d5ec&amp;a_bid=0baeaadb\" target=\"_blank\" rel=\"noreferrer noopener\">Jatekszallito.hu &#8211; Okos\u00f3r\u00e1k<\/a><\/p>\n\n\n\n<h2 class=\"wp-block-heading\">T\u00e1rsasj\u00e1t\u00e9kok, kreat\u00edv j\u00e1t\u00e9kok, kv\u00edzek, szabadul\u00f3szob\u00e1k, rejtv\u00e9nyek, fejt\u00f6r\u0151k, logikai j\u00e1t\u00e9kok<\/h2>\n\n\n\n<figure class=\"wp-block-image size-full\"><img loading=\"lazy\" decoding=\"async\" width=\"640\" height=\"427\" src=\"https:\/\/horgaszhely.hu\/hun\/wp-content\/uploads\/2022\/01\/gyermek-tarsasjatek.jpg\" alt=\"gyermek tarsasjatek\" class=\"wp-image-325848\" srcset=\"https:\/\/horgaszhely.hu\/hun\/wp-content\/uploads\/2022\/01\/gyermek-tarsasjatek.jpg 640w, https:\/\/horgaszhely.hu\/hun\/wp-content\/uploads\/2022\/01\/gyermek-tarsasjatek-600x400.jpg 600w, https:\/\/horgaszhely.hu\/hun\/wp-content\/uploads\/2022\/01\/gyermek-tarsasjatek-64x43.jpg 64w, https:\/\/horgaszhely.hu\/hun\/wp-content\/uploads\/2022\/01\/gyermek-tarsasjatek-300x200.jpg 300w\" sizes=\"auto, (max-width: 640px) 100vw, 640px\" \/><\/figure>\n\n\n\n<p class=\"wp-block-paragraph\">Egy j\u00f3 t\u00e1rsasj\u00e1t\u00e9kkal rep\u00fcl az id\u0151, fejleszti a gondolkod\u00e1st \u00e9s k\u00f6z\u00f6s csal\u00e1di program lehet. Vagyis sz\u00e1mos el\u0151nye van annak, ha egy j\u00f3 t\u00e1rsasj\u00e1t\u00e9kkal lepj\u00fck meg csemet\u00e9nket. Ha pedig \u00e1tj\u00f6nnek a kis bar\u00e1tai, nyugodtak lehet\u00fcnk, hogy az al\u00e1bbi okos j\u00e1t\u00e9kokkal hasznosan t\u00f6ltik el az id\u0151t mik\u00f6zben m\u00e9g tanulnak\/fejl\u0151dnek is. Ha szeretitek a feladv\u00e1nyokat \u00e9s a rejtv\u00e9nyeket, az al\u00e1bbi weboldalakon sz\u00e1mos logikai j\u00e1t\u00e9k, t\u00e1rsasj\u00e1t\u00e9k, \u00e9s m\u00e1s hasonl\u00f3, egyszerre gondolkod\u00e1sra b\u00edr\u00f3 m\u00e9gis sz\u00f3rakoztat\u00f3 j\u00e1t\u00e9kkal b\u0151v\u00edthetj\u00fck az otthoni gy\u0171jtem\u00e9nyt, \u00e9s mi magunk is j\u00f3l sz\u00f3rakozhatunk, egy\u00fctt a gyerekkel.<\/p>\n\n\n\n<p class=\"wp-block-paragraph\"><em>Ahol a term\u00e9keket tal\u00e1lod:<\/em><\/p>\n\n\n\n<p class=\"wp-block-paragraph\"><a href=\"https:\/\/go.dognet.com\/?chid=nwpokJEG&amp;url=https%3A%2F%2Fwww.regiojatek.hu%2Fkat-202-tarsasjatek-kartya.html\" target=\"_blank\" data-type=\"link\" data-id=\"https:\/\/go.dognet.com\/?chid=nwpokJEG&amp;url=https%3A%2F%2Fwww.regiojatek.hu%2Fkat-202-tarsasjatek-kartya.html\" rel=\"noreferrer noopener\">Regiojatek.hu &#8211; T\u00e1rsasj\u00e1t\u00e9kok, k\u00e1rty\u00e1k<\/a><\/p>\n\n\n\n<p class=\"wp-block-paragraph\"><a rel=\"noreferrer noopener\" href=\"https:\/\/www.hasznos-holmik.hu\/jatek-307\/keszsegfejleszto-jatek-gyerekeknek-732?utm_source=dognet&amp;a_aid=5d076b770d5ec&amp;a_bid=de43bf51\" target=\"_blank\">Hasznos-holmik.hu<\/a><\/p>\n\n\n\n<p class=\"wp-block-paragraph\"><a href=\"https:\/\/jatekszallito.hu\/kategoria\/jatekok\/kreativ_keszsegfejleszto_jatekok\/?utm_source=dognet&amp;a_aid=5d076b770d5ec&amp;a_bid=0baeaadb\" target=\"_blank\" rel=\"noreferrer noopener\">Jatekszallito.hu &#8211; K\u00e9szs\u00e9gfejleszt\u0151 j\u00e1t\u00e9kok<\/a><\/p>\n\n\n\n<p class=\"wp-block-paragraph\"><a rel=\"noreferrer noopener\" href=\"https:\/\/jatekszallito.hu\/kategoria\/jatekok\/tarsasjatekok\/?utm_source=dognet&amp;a_aid=5d076b770d5ec&amp;a_bid=0baeaadb\" target=\"_blank\">Jatekszallito.hu &#8211; T\u00e1rsasj\u00e1t\u00e9kok<\/a><\/p>\n\n\n\n<h2 class=\"wp-block-heading\">Party kell\u00e9kek<\/h2>\n\n\n\n<figure class=\"wp-block-image size-full\"><img loading=\"lazy\" decoding=\"async\" width=\"420\" height=\"280\" src=\"https:\/\/horgaszhely.hu\/hun\/wp-content\/uploads\/2021\/05\/gyerek-parti-kellek.jpg\" alt=\"gyerek parti kell\u00e9k\" class=\"wp-image-342640\" srcset=\"https:\/\/horgaszhely.hu\/hun\/wp-content\/uploads\/2021\/05\/gyerek-parti-kellek.jpg 420w, https:\/\/horgaszhely.hu\/hun\/wp-content\/uploads\/2021\/05\/gyerek-parti-kellek-64x43.jpg 64w, https:\/\/horgaszhely.hu\/hun\/wp-content\/uploads\/2021\/05\/gyerek-parti-kellek-300x200.jpg 300w\" sizes=\"auto, (max-width: 420px) 100vw, 420px\" \/><\/figure>\n\n\n\n<p class=\"wp-block-paragraph\">Szuper party kell\u00e9kek t\u00e1rh\u00e1za t\u00f6bbek k\u00f6z\u00f6tt az al\u00e1bbi alkalmakra: sz\u00fclet\u00e9snap, keresztel\u0151, baby shower, els\u0151\u00e1ldoz\u00e1s, \u00e9s m\u00e1s esem\u00e9nyekre. A k\u00edn\u00e1latban t\u00f6bb ezer term\u00e9ket tal\u00e1lsz, t\u00f6bbek k\u00f6z\u00f6tt h\u00e9liumot \u00e9s lufikat, egyszer haszn\u00e1latos \u00e9tk\u00e9szleteket, karnev\u00e1li jelmezeket, dekor\u00e1ci\u00f3kat \u00e9s kieg\u00e9sz\u00edt\u0151ket.<\/p>\n\n\n\n<p class=\"wp-block-paragraph\">Kereshetsz \u00e9letkor szerint, nemek szerint, \u00e9s t\u00e9m\u00e1k szerint is (p\u00e9ld\u00e1ul: J\u00e9gvar\u00e1zs, Harry potter, Mancs \u0151rj\u00e1rat, Mickey \u00e9s Minnie mouse).<\/p>\n\n\n\n<p class=\"wp-block-paragraph\">Kezd\u0151dj\u00f6n a party!<\/p>\n\n\n\n<p class=\"wp-block-paragraph\"><em>Ahol a term\u00e9keket tal\u00e1lod:<\/em><\/p>\n\n\n\n<p class=\"wp-block-paragraph\"><a href=\"https:\/\/go.dognet.com\/?chid=nwpokJEG&amp;url=https%3A%2F%2Fwww.regiojatek.hu%2Fkat-214-party-kellekek.html\" target=\"_blank\" data-type=\"link\" data-id=\"https:\/\/www.regiojatek.hu\/kat-214-party-kellekek.html\" rel=\"noreferrer noopener\">Regiojatek.hu &#8211; Party kell\u00e9kek<\/a><\/p>\n\n\n\n<p class=\"wp-block-paragraph\"><a href=\"https:\/\/jatekszallito.hu\/kategoria\/konyhai-termekek\/party_kellekek\/  ?utm_source=dognet&amp;a_aid=5d076b770d5ec&amp;a_bid=0baeaadb\" target=\"_blank\" rel=\"noreferrer noopener\">Jatekszallito.hu<\/a><\/p>\n\n\n\n<h2 class=\"wp-block-heading\">Gyerekm\u00e1rk\u00e1s sportfelszerel\u00e9sek \u00e9s kieg\u00e9sz\u00edt\u0151k<\/h2>\n\n\n\n<figure class=\"wp-block-image size-full\"><img loading=\"lazy\" decoding=\"async\" width=\"623\" height=\"389\" src=\"https:\/\/horgaszhely.hu\/hun\/wp-content\/uploads\/2021\/05\/sportfelszereles-gyerekeknek.jpg\" alt=\"sportfelszerel\u00e9s gyerekeknek\" class=\"wp-image-342643\" srcset=\"https:\/\/horgaszhely.hu\/hun\/wp-content\/uploads\/2021\/05\/sportfelszereles-gyerekeknek.jpg 623w, https:\/\/horgaszhely.hu\/hun\/wp-content\/uploads\/2021\/05\/sportfelszereles-gyerekeknek-600x375.jpg 600w, https:\/\/horgaszhely.hu\/hun\/wp-content\/uploads\/2021\/05\/sportfelszereles-gyerekeknek-64x40.jpg 64w, https:\/\/horgaszhely.hu\/hun\/wp-content\/uploads\/2021\/05\/sportfelszereles-gyerekeknek-300x187.jpg 300w\" sizes=\"auto, (max-width: 623px) 100vw, 623px\" \/><\/figure>\n\n\n\n<p class=\"wp-block-paragraph\">A n\u00e9pszer\u0171 mesefigur\u00e1kkal d\u00edsz\u00edtett sportfelszerel\u00e9seknek minden kisgyerek \u00f6r\u00fcl. Kit\u00f6r\u0151 lelkesed\u00e9ssel vetik bele magukat a vid\u00e1m, j\u00e1t\u00e9kos \u00e9s biztons\u00e1gos sportol\u00e1sba. Im\u00e1dni fogj\u00e1k a Barbie, Hello Kitty, P\u00f3kember vagy \u00e9ppen Disney d\u00edsz\u00edt\u00e9s\u0171 felszerel\u00e9seket!<\/p>\n\n\n\n<p class=\"wp-block-paragraph\">T\u00f6bbek k\u00f6z\u00f6tt az al\u00e1bbi kateg\u00f3ri\u00e1kban v\u00e1logathatsz a kicsinek: ker\u00e9kp\u00e1rok, rollerek, g\u00f6rdeszk\u00e1k, valamint ezek kieg\u00e9sz\u00edt\u0151i \u00e9s a v\u00e9d\u0151felszerel\u00e9sek sz\u00e9les k\u00edn\u00e1lata. A k\u00fcl\u00f6nb\u00f6z\u0151 m\u00e9ret \u00e9s sz\u00edn v\u00e1laszt\u00e9knak k\u00f6sz\u00f6nhet\u0151en minden koroszt\u00e1ly megtal\u00e1lja a sz\u00e1m\u00e1ra legmegfelel\u0151bb term\u00e9ket.<\/p>\n\n\n\n<p class=\"wp-block-paragraph\">Legyen \u00f6r\u00f6m a sport a gyerekek sz\u00e1m\u00e1ra is!<\/p>\n\n\n\n<p class=\"wp-block-paragraph\"><em>Ahol a term\u00e9keket tal\u00e1lod:<\/em><\/p>\n\n\n\n<p class=\"wp-block-paragraph\"><a href=\"https:\/\/www.exisport.hu\/2284-gyermekek?utm_source=dognet&amp;a_aid=5d076b770d5ec&amp;a_bid=996ad92c\" target=\"_blank\" rel=\"noreferrer noopener\">Exisport.hu<\/a><\/p>\n\n\n\n<p class=\"wp-block-paragraph\"><a href=\"https:\/\/go.dognet.com\/?chid=nwpokJEG&amp;url=https%3A%2F%2Fwww.regiojatek.hu%2Fkat-206-sportszer-labda.html\" target=\"_blank\" data-type=\"link\" data-id=\"https:\/\/go.dognet.com\/?chid=nwpokJEG&amp;url=https%3A%2F%2Fwww.regiojatek.hu%2Fkat-206-sportszer-labda.html\" rel=\"noreferrer noopener\">Regiojatek.hu &#8211; Sportszer, labda<\/a><\/p>\n\n\n\n<h2 class=\"wp-block-heading\">Fejhallgat\u00f3 gyerekeknek<\/h2>\n\n\n\n<figure class=\"wp-block-image size-full\"><img loading=\"lazy\" decoding=\"async\" width=\"849\" height=\"566\" src=\"https:\/\/horgaszhely.hu\/hun\/wp-content\/uploads\/2021\/05\/gyerek-fulhallgato.jpg\" alt=\"gyerek f\u00fclhallgat\u00f3\" class=\"wp-image-342637\" srcset=\"https:\/\/horgaszhely.hu\/hun\/wp-content\/uploads\/2021\/05\/gyerek-fulhallgato.jpg 849w, https:\/\/horgaszhely.hu\/hun\/wp-content\/uploads\/2021\/05\/gyerek-fulhallgato-600x400.jpg 600w, https:\/\/horgaszhely.hu\/hun\/wp-content\/uploads\/2021\/05\/gyerek-fulhallgato-64x43.jpg 64w, https:\/\/horgaszhely.hu\/hun\/wp-content\/uploads\/2021\/05\/gyerek-fulhallgato-300x200.jpg 300w, https:\/\/horgaszhely.hu\/hun\/wp-content\/uploads\/2021\/05\/gyerek-fulhallgato-768x512.jpg 768w\" sizes=\"auto, (max-width: 849px) 100vw, 849px\" \/><\/figure>\n\n\n\n<p class=\"wp-block-paragraph\">Ha v\u00e1s\u00e1rolsz egy fejhallgat\u00f3t a gyermekednek, akkor nem kell t\u00f6bb\u00e9 a Baby Shark-ot hallgatnod &#x1f642; De fontos szempont legyen az is, hogy mely gyerek fejhallgat\u00f3k a legbiztons\u00e1gosabbak a f\u00fcl fejl\u0151d\u00e9s\u00e9hez.<\/p>\n\n\n\n<p class=\"wp-block-paragraph\">Mivel a gyermekek hall\u00f3j\u00e1ratai kisebbek, mint a feln\u0151ttek\u00e9, \u00edgy a gyermek f\u00fcldobj\u00e1hoz \u00e9rkez\u0151 hang er\u0151sebb lesz, mint ugyanaz a hang, amely a feln\u0151tt f\u00fcldobj\u00e1hoz \u00e9rkezik. Csecsem\u0151kn\u00e9l ez a k\u00fcl\u00f6nbs\u00e9g ak\u00e1r 20 decibel is lehet. \u00c9s a hanger\u0151 csak az egyik \u00f6sszetev\u0151. A biztons\u00e1gos zenehallgat\u00e1s nem csak arr\u00f3l sz\u00f3l, hogy mennyire hangos, hanem arr\u00f3l is, hogy mennyi ideig. Egy fiatal f\u00fcl sz\u00e1m\u00e1ra a legjobb, ha a hanger\u0151t 80 decibel alatt tartjuk \u2013 ez az \u00e1ltal\u00e1nosan elfogadott biztons\u00e1gos hallgat\u00e1si szint.<\/p>\n\n\n\n<p class=\"wp-block-paragraph\">Ezeket a tanuls\u00e1gokat szem el\u0151tt tartva v\u00e1laszuk a lehet\u0151 legmegfelel\u0151bb gyerek fejhallgat\u00f3t.<\/p>\n\n\n\n<p class=\"wp-block-paragraph\"><em>Ahol a term\u00e9keket tal\u00e1lod:<\/em><\/p>\n\n\n\n<p class=\"wp-block-paragraph\"><a href=\"https:\/\/jatekszallito.hu\/kategoria\/szorakozas\/fejhallgatok\/ ?utm_source=dognet&amp;a_aid=5d076b770d5ec&amp;a_bid=0baeaadb\" target=\"_blank\" rel=\"noreferrer noopener\">Jatekszallito.hu<\/a><\/p>\n\n\n\n<h2 class=\"wp-block-heading\">Gyerek k\u00e9sek<\/h2>\n\n\n\n<figure class=\"wp-block-image size-full\"><img loading=\"lazy\" decoding=\"async\" width=\"600\" height=\"400\" src=\"https:\/\/horgaszhely.hu\/hun\/wp-content\/uploads\/2021\/05\/gyerek-kesek.jpg\" alt=\"gyerek k\u00e9sek\" class=\"wp-image-342645\" srcset=\"https:\/\/horgaszhely.hu\/hun\/wp-content\/uploads\/2021\/05\/gyerek-kesek.jpg 600w, https:\/\/horgaszhely.hu\/hun\/wp-content\/uploads\/2021\/05\/gyerek-kesek-64x43.jpg 64w, https:\/\/horgaszhely.hu\/hun\/wp-content\/uploads\/2021\/05\/gyerek-kesek-300x200.jpg 300w\" sizes=\"auto, (max-width: 600px) 100vw, 600px\" \/><\/figure>\n\n\n\n<p class=\"wp-block-paragraph\">Egy j\u00f3 k\u00e9s inspir\u00e1lhatja a gyerekeket a konyh\u00e1ban. Egy j\u00f3 k\u00e9s megk\u00f6nny\u00edtheti az olyan feladatokat, mint az \u00e9telek felszeletel\u00e9se, legyen az leveshez val\u00f3 t\u00f6k vagy \u00e9rett paradicsom szendvicshez. Az a k\u00e9s, amellyel nem k\u00f6nny\u0171 v\u00e1gni, azzal bizony hamar neh\u00e9zkess\u00e9, unalmass\u00e1 \u00e9s \u00e9rdektelenn\u00e9 v\u00e1lhat a konyhai munka. J\u00f3t tesz a kicsiknek \u00f3vod\u00e1skorban, ha r\u00e9szt vehetnek az \u00e9telek beszerz\u00e9s\u00e9ben \u00e9s elk\u00e9sz\u00edt\u00e9s\u00e9ben, t\u00f6k\u00e9letes \u00e9letkorban vannak ezen \u00e9letk\u00e9pess\u00e9gek megszerz\u00e9s\u00e9hez!<\/p>\n\n\n\n<p class=\"wp-block-paragraph\">A gyermek k\u00e9sek nem el\u00e9g \u00e9lesek ahhoz, hogy megv\u00e1gja mag\u00e1t gyermek\u00fcnk. Lekerek\u00edtett heggyel rendelkeznek a biztons\u00e1g kedv\u00e9\u00e9rt.<\/p>\n\n\n\n<p class=\"wp-block-paragraph\"><em>Ahol a term\u00e9keket tal\u00e1lod:<\/em><\/p>\n\n\n\n<p class=\"wp-block-paragraph\"><a href=\"https:\/\/www.kniland.hu\/kereses\/?string=gyerek&amp;utm_source=dognet&amp;utm_campaign=5d076b770d5ec&amp;a_aid=5d076b770d5ec&amp;a_bid=8d4900b8\" target=\"_blank\" rel=\"noreferrer noopener\">Kniland.hu<\/a><\/p>\n<\/div>\n<\/div>\n\n\n\n<div class=\"wp-block-columns alignwide is-layout-flex wp-container-core-columns-is-layout-8f761849 wp-block-columns-is-layout-flex\">\n<div class=\"wp-block-column is-layout-flow wp-block-column-is-layout-flow\"><div class=\"wp-block-image\">\n<figure class=\"aligncenter\"><a href=\"https:\/\/www.eredetiajandekok.hu\/ajandek-gyerekeknek\/?utm_source=dgt&amp;utm_medium=aff&amp;a_aid=5d076b770d5ec&amp;a_bid=b533da64\" target=\"_blank\" rel=\"noreferrer noopener\"><img decoding=\"async\" src=\"https:\/\/login.dognet.sk\/accounts\/default1\/fb27g82d\/b533da64.gif\" alt=\"\" title=\"\"\/><\/a><\/figure>\n<\/div>\n\n<div class=\"wp-block-image\">\n<figure class=\"aligncenter\"><a href=\"https:\/\/www.supergamer.hu\/?utm_source=5d076b770d5ec&amp;utm_medium=dognet&amp;a_aid=5d076b770d5ec&amp;a_bid=8b648a9d\" target=\"_blank\" rel=\"noreferrer noopener\"><img decoding=\"async\" src=\"https:\/\/login.dognet.sk\/accounts\/default1\/fb27g82d\/8b648a9d.jpg\" alt=\"\" title=\"\"\/><\/a><\/figure>\n<\/div>\n\n\n<p class=\"wp-block-paragraph\"><strong>Var\u00e1zsolj mosolyt a gyermekek arc\u00e1ra<\/strong>!<\/p>\n\n\n\n<p class=\"wp-block-paragraph\">Gyermeknap, az \u00e9v egyik legvid\u00e1mabb \u00fcnnepe, amikor lehet\u0151s\u00e9g\u00fcnk van kifejezni szeretet\u00fcnket \u00e9s \u00f6r\u00f6m\u00fcnket a kicsik fel\u00e9. Egy apr\u00f3s\u00e1goknak szentelt nap, ahol a nevet\u00e9s \u00e9s j\u00e1t\u00e9k ker\u00fcl a k\u00f6z\u00e9ppontba. Mi lenne teh\u00e1t jobb m\u00f3dja ennek az \u00fcnnepnek, mint egy olyan aj\u00e1nd\u00e9k gyermeknapra, kar\u00e1csonyra, vagy b\u00e1rmilyen alkalomra, amely garant\u00e1ltan mosolyt csal a kicsi arc\u00e1ra \u00e9s ez\u00e1ltal a ti\u00e9dre is? Amit ebben a cikkben tal\u00e1lsz, t\u00f6bbek k\u00f6z\u00f6tt: szuper \u00f6tletek, vicces aj\u00e1nd\u00e9kok gyerekeknek, aj\u00e1nd\u00e9k \u00f6tletek kisfi\u00faknak \u00e9s kisl\u00e1nyoknak, kar\u00e1csonyi aj\u00e1nd\u00e9k \u00f6tletek gyerekeknek, aj\u00e1nd\u00e9k \u00f6tletek gyereknapra.<\/p>\n\n\n\n<p class=\"wp-block-paragraph\"><strong>K\u00e9pzelj el egy teljes napot kacag\u00e1ssal \u00e9s boldogs\u00e1ggal!<\/strong><\/p>\n\n\n\n<p class=\"wp-block-paragraph\">A Gyereknap am\u00fagy is egy k\u00fcl\u00f6nleges nap, de egy kis meglepet\u00e9ssel m\u00e9g var\u00e1zslatosabb\u00e1 tehetj\u00fck. Az idei \u00e9vben \u00f6rvendeztesd meg a gyerekeket egyedi \u00e9s kreat\u00edv aj\u00e1nd\u00e9k \u00f6tletekkel. A gyerk\u0151c\u00f6k im\u00e1dni fogj\u00e1k, ha egy szokatlan \u00e9s szem\u00e9lyes aj\u00e1nd\u00e9kkal lepik meg \u0151ket, amit egyed\u00fcl r\u00e1juk szabtak.<\/p>\n\n\n\n<p class=\"wp-block-paragraph\"><strong>Mi\u00e9rt aj\u00e1nd\u00e9kozz Gyereknapon?<\/strong><\/p>\n\n\n\n<p class=\"wp-block-paragraph\">Gyermek\u00fcnknek a figyelmess\u00e9g \u00e9s szeretet kifejez\u00e9s\u00e9nek nincs id\u0151pontja, de a Gyereknap kit\u0171n\u0151 alkalom arra, hogy egy olyan kis meglepet\u00e9ssel \u00f6rvendeztess\u00fck meg \u0151ket, amit az \u00e9v b\u00e1rmely napj\u00e1n \u00e9lvezhetnek.<\/p>\n\n\n\n<p class=\"wp-block-paragraph\"><strong>Mi lenne a T\u00f6k\u00e9letes Aj\u00e1nd\u00e9k Gyereknapra? Adunk m\u00e9g n\u00e9h\u00e1ny tippet:<\/strong><\/p>\n\n\n\n<ol class=\"wp-block-list\">\n<li><strong>Egyedi k\u00e9zm\u0171ves term\u00e9kek:<\/strong> K\u00e9sz\u00edttess egy szem\u00e9lyre szabott pl\u00fcssfigur\u00e1t vagy egyedi tervez\u00e9s\u0171 p\u00f3l\u00f3t, hogy gyermekednek egy olyan aj\u00e1nd\u00e9kkal lepd meg, ami kiz\u00e1r\u00f3lag az \u00f6v\u00e9.<\/li>\n\n\n\n<li><strong>Kreat\u00edv j\u00e1t\u00e9kok:<\/strong> \u00c9breszd fel a kis m\u0171v\u00e9sz vagy tud\u00f3s szellem\u00e9t egy szuper kreat\u00edv j\u00e1t\u00e9kkal, ami nemcsak sz\u00f3rakoztat\u00f3, hanem fejleszti is az \u00e9rz\u00e9keiket.<\/li>\n\n\n\n<li><strong>Csal\u00e1di \u00e9lm\u00e9nyek:<\/strong> Aj\u00e1nd\u00e9kozd meg \u0151ket egy k\u00f6z\u00f6s \u00e9lm\u00e9nnyel, mint p\u00e9ld\u00e1ul egy csal\u00e1di kir\u00e1ndul\u00e1s vagy egy moziz\u00e1s, ahol a kedvenc anim\u00e1ci\u00f3s filmj\u00fcket n\u00e9zhetik meg. \u00cdgy mindenki j\u00f3l \u00e9rezheti mag\u00e1t, a gyermekkel egy\u00fctt.<\/li>\n<\/ol>\n\n\n\n<p class=\"wp-block-paragraph\"><strong>Gyereknapra aj\u00e1nd\u00e9k \u00f6tletek?<\/strong> <strong>V\u00e1s\u00e1rl\u00e1s a gyermek boldogs\u00e1g\u00e1\u00e9rt<\/strong><\/p>\n\n\n\n<p class=\"wp-block-paragraph\">Most, hogy megvan az \u00f6tleted, nincs m\u00e1s h\u00e1tra, csak a v\u00e1s\u00e1rl\u00e1s \u00f6r\u00f6m\u00e9nek \u00e1t\u00e9l\u00e9se. L\u00e1togass el az ezen az oldalon \u00f6sszegy\u0171jt\u00f6tt web\u00e1ruh\u00e1zunkba, ahol sz\u00e1mos egyedi \u00e9s kreat\u00edv aj\u00e1nd\u00e9k v\u00e1rja, hogy \u00f6r\u00f6met szerezz vele a gyermekednek. Ne hagyd ki az Aj\u00e1nd\u00e9k \u00d6tletek Gyereknapra k\u00edn\u00e1latokat, akci\u00f3kat, \u00e9s var\u00e1zsolj a szeretett gyermek arc\u00e1ra egy hatalmas mosolyt egy k\u00fcl\u00f6nleges meglepet\u00e9ssel!<\/p>\n\n\n\n<p class=\"wp-block-paragraph\"><strong>Gondoskodj r\u00f3la, hogy ez a Gyereknap legyen az eddigi legszebb \u00e9s legmosolyg\u00f3sabb!<\/strong><\/p>\n\n\n\n<p class=\"wp-block-paragraph\">Gyermeknapon, \u00e9s az \u00e9v minden napj\u00e1n, a legjobb aj\u00e1nd\u00e9k az, amely a szeretet\u00fcnket \u00e9s gondoskod\u00e1sunkat fejezi ki. V\u00e1s\u00e1rolj most, \u00e9s l\u00e9gy r\u00e9szese egy mosolyg\u00f3s \u00e9s boldog gyermeknapnak! Aj\u00e1nd\u00e9kozz szeretettel \u00e9s egyedi \u00f6tletekkel, mert a gyerekeknek j\u00e1r a k\u00fcl\u00f6nleges figyelem!<\/p>\n\n\n\n<p class=\"has-text-align-center wp-block-paragraph\"><em>*A honlapon n\u00e9h\u00e1ny link \u00fagynevezett \u201cpartnerlink\u201d, amelyekre a kattint\u00e1s neked semmibe sem ker\u00fcl, viszont az \u00e9n munk\u00e1mat t\u00e1mogatod vele, k\u00f6sz\u00f6n\u00f6m &#x1f642;<\/em><\/p>\n<\/div>\n<\/div>\n","protected":false},"excerpt":{"rendered":"<p>Nem egyszer\u0171 aj\u00e1nd\u00e9kot keresni a gyerekeknek, csecsem\u0151knek vagy tin\u00e9dzsereknek, de ne ess k\u00e9ts\u00e9gbe! A gyerekeknek megfelel\u0151 j\u00e1t\u00e9k, k\u00f6nyv, vagy ak\u00e1rmi m\u00e1s megtal\u00e1l\u00e1sa n\u00e9ha igazi k\u00fczdelem, hossz\u00fa \u00f3r\u00e1kba is telhet \u00f6sszevad\u00e1szni a legjobb t\u00e9m\u00e1ba v\u00e1g\u00f3 weboldalakat, shopokat. Mi ezt megtett\u00fck helyetted, \u00f6sszegy\u0171jt\u00f6tt\u00fcnk egy list\u00e1ba, kateg\u00f3ri\u00e1kra bontva sz\u00e1mtalan aj\u00e1nd\u00e9k\u00f6tletet. A cikkben egyar\u00e1nt vannak aj\u00e1nd\u00e9k \u00f6tletek kisfi\u00faknak \u00e9s [&hellip;]<\/p>\n","protected":false},"author":2,"featured_media":325848,"comment_status":"open","ping_status":"open","sticky":false,"template":"","format":"standard","meta":{"_acf_changed":false,"footnotes":""},"categories":[17,16],"tags":[],"class_list":["post-237414","post","type-post","status-publish","format-standard","has-post-thumbnail","hentry","category-gyerekek","category-ajandekok"],"acf":[],"_links":{"self":[{"href":"https:\/\/horgaszhely.hu\/hun\/wp-json\/wp\/v2\/posts\/237414","targetHints":{"allow":["GET"]}}],"collection":[{"href":"https:\/\/horgaszhely.hu\/hun\/wp-json\/wp\/v2\/posts"}],"about":[{"href":"https:\/\/horgaszhely.hu\/hun\/wp-json\/wp\/v2\/types\/post"}],"author":[{"embeddable":true,"href":"https:\/\/horgaszhely.hu\/hun\/wp-json\/wp\/v2\/users\/2"}],"replies":[{"embeddable":true,"href":"https:\/\/horgaszhely.hu\/hun\/wp-json\/wp\/v2\/comments?post=237414"}],"version-history":[{"count":2,"href":"https:\/\/horgaszhely.hu\/hun\/wp-json\/wp\/v2\/posts\/237414\/revisions"}],"predecessor-version":[{"id":475680,"href":"https:\/\/horgaszhely.hu\/hun\/wp-json\/wp\/v2\/posts\/237414\/revisions\/475680"}],"wp:featuredmedia":[{"embeddable":true,"href":"https:\/\/horgaszhely.hu\/hun\/wp-json\/wp\/v2\/media\/325848"}],"wp:attachment":[{"href":"https:\/\/horgaszhely.hu\/hun\/wp-json\/wp\/v2\/media?parent=237414"}],"wp:term":[{"taxonomy":"category","embeddable":true,"href":"https:\/\/horgaszhely.hu\/hun\/wp-json\/wp\/v2\/categories?post=237414"},{"taxonomy":"post_tag","embeddable":true,"href":"https:\/\/horgaszhely.hu\/hun\/wp-json\/wp\/v2\/tags?post=237414"}],"curies":[{"name":"wp","href":"https:\/\/api.w.org\/{rel}","templated":true}]}}